{"id":198,"date":"2014-01-27T23:10:14","date_gmt":"2014-01-27T22:10:14","guid":{"rendered":"http:\/\/www.filipstad-hallefors.se\/korskyrkan\/?p=198"},"modified":"2014-01-27T23:10:14","modified_gmt":"2014-01-27T22:10:14","slug":"tid-att-mota-gud","status":"publish","type":"post","link":"https:\/\/www.filipstad-hallefors.se\/korskyrkan\/?p=198","title":{"rendered":"Tid att m\u00f6ta Gud!"},"content":{"rendered":"<p>Nu i helgen, 31 jan-2 feb, kommer Ingemar Helmner igen! Vi inbjuder till kv\u00e4llsm\u00f6ten fredag kl 19 och l\u00f6rdag kl 18 och dessutom en b\u00f6nesamling &#8221;b\u00f6n f\u00f6r V\u00e4rmland och Bergslagen&#8221; kl 15 p\u00e5 l\u00f6rdagen och en f\u00f6rmiddagsgudstj\u00e4nst kl 11 i Vasakyrkan.<\/p>\n<p>Temat f\u00f6r helgen \u00e4r &#8221;Tid att m\u00f6ta Gud!&#8221; &#8211; Visst har v\u00e4l du tid f\u00f6r ett gudsm\u00f6te? Din tid kanske \u00e4r nu? Jag tror att m\u00e5nga m\u00e5nga beh\u00f6ver m\u00f6ta Gud f\u00f6r f\u00f6rsta eller hundrade g\u00e5ngen &#8211; s\u00e5 nu till helgen \u00e4r det &#8221;Tid att m\u00f6ta Gud!&#8221;<\/p>\n<p>V\u00e4lkomna!<\/p>\n","protected":false},"excerpt":{"rendered":"<p>Nu i helgen, 31 jan-2 feb, kommer Ingemar Helmner igen! Vi inbjuder till kv\u00e4llsm\u00f6ten fredag kl 19 och l\u00f6rdag kl 18 och dessutom en b\u00f6nesamling &#8221;b\u00f6n f\u00f6r V\u00e4rmland och Bergslagen&#8221; kl 15 p\u00e5 l\u00f6rdagen och en f\u00f6rmiddagsgudstj\u00e4nst kl 11 i Vasakyrkan. Temat f\u00f6r helgen \u00e4r &#8221;Tid att m\u00f6ta Gud!&#8221; &#8211; Visst har v\u00e4l du tid [&hellip;]<\/p>\n","protected":false},"author":1,"featured_media":0,"comment_status":"open","ping_status":"open","sticky":false,"template":"","format":"standard","meta":{"footnotes":""},"categories":[1],"tags":[],"class_list":["post-198","post","type-post","status-publish","format-standard","hentry","category-okategoriserade"],"_links":{"self":[{"href":"https:\/\/www.filipstad-hallefors.se\/korskyrkan\/index.php?rest_route=\/wp\/v2\/posts\/198"}],"collection":[{"href":"https:\/\/www.filipstad-hallefors.se\/korskyrkan\/index.php?rest_route=\/wp\/v2\/posts"}],"about":[{"href":"https:\/\/www.filipstad-hallefors.se\/korskyrkan\/index.php?rest_route=\/wp\/v2\/types\/post"}],"author":[{"embeddable":true,"href":"https:\/\/www.filipstad-hallefors.se\/korskyrkan\/index.php?rest_route=\/wp\/v2\/users\/1"}],"replies":[{"embeddable":true,"href":"https:\/\/www.filipstad-hallefors.se\/korskyrkan\/index.php?rest_route=%2Fwp%2Fv2%2Fcomments&post=198"}],"version-history":[{"count":1,"href":"https:\/\/www.filipstad-hallefors.se\/korskyrkan\/index.php?rest_route=\/wp\/v2\/posts\/198\/revisions"}],"predecessor-version":[{"id":199,"href":"https:\/\/www.filipstad-hallefors.se\/korskyrkan\/index.php?rest_route=\/wp\/v2\/posts\/198\/revisions\/199"}],"wp:attachment":[{"href":"https:\/\/www.filipstad-hallefors.se\/korskyrkan\/index.php?rest_route=%2Fwp%2Fv2%2Fmedia&parent=198"}],"wp:term":[{"taxonomy":"category","embeddable":true,"href":"https:\/\/www.filipstad-hallefors.se\/korskyrkan\/index.php?rest_route=%2Fwp%2Fv2%2Fcategories&post=198"},{"taxonomy":"post_tag","embeddable":true,"href":"https:\/\/www.filipstad-hallefors.se\/korskyrkan\/index.php?rest_route=%2Fwp%2Fv2%2Ftags&post=198"}],"curies":[{"name":"wp","href":"https:\/\/api.w.org\/{rel}","templated":true}]}}