{"id":1,"date":"2013-01-10T14:19:52","date_gmt":"2013-01-10T14:19:52","guid":{"rendered":"http:\/\/www.filipstad-hallefors.se\/korskyrkan\/?p=1"},"modified":"2013-08-28T16:12:20","modified_gmt":"2013-08-28T14:12:20","slug":"hej-varlden","status":"publish","type":"post","link":"https:\/\/www.filipstad-hallefors.se\/korskyrkan\/?p=1","title":{"rendered":"F\u00f6rsamlingen som Guds folk"},"content":{"rendered":"<p>Vad inneb\u00e4r det att vara f\u00f6rsamling? Varf\u00f6r firar vi gudstj\u00e4nst? Varf\u00f6r tillber vi? Varf\u00f6r firar vi nattvard? Varf\u00f6r d\u00f6per vi? Varf\u00f6r vill vi ber\u00e4tta om v\u00e5r tro? Varf\u00f6r ber vi i Jesu namn? Varf\u00f6r samlar vi in kollekt?<\/p>\n<p><a title=\"F\u00f6rsamlingen som Guds Folk\" href=\"http:\/\/www.bloggpastor.se\/?p=70\" target=\"_blank\">L\u00e4s hela predikan h\u00e4r<\/a><\/p>\n","protected":false},"excerpt":{"rendered":"<p>Vad inneb\u00e4r det att vara f\u00f6rsamling? Varf\u00f6r firar vi gudstj\u00e4nst? Varf\u00f6r tillber vi? Varf\u00f6r firar vi nattvard? Varf\u00f6r d\u00f6per vi? Varf\u00f6r vill vi ber\u00e4tta om v\u00e5r tro? Varf\u00f6r ber vi i Jesu namn? Varf\u00f6r samlar vi in kollekt? L\u00e4s hela predikan h\u00e4r<\/p>\n","protected":false},"author":1,"featured_media":0,"comment_status":"open","ping_status":"open","sticky":false,"template":"","format":"standard","meta":{"footnotes":""},"categories":[1],"tags":[],"class_list":["post-1","post","type-post","status-publish","format-standard","hentry","category-okategoriserade"],"_links":{"self":[{"href":"https:\/\/www.filipstad-hallefors.se\/korskyrkan\/index.php?rest_route=\/wp\/v2\/posts\/1"}],"collection":[{"href":"https:\/\/www.filipstad-hallefors.se\/korskyrkan\/index.php?rest_route=\/wp\/v2\/posts"}],"about":[{"href":"https:\/\/www.filipstad-hallefors.se\/korskyrkan\/index.php?rest_route=\/wp\/v2\/types\/post"}],"author":[{"embeddable":true,"href":"https:\/\/www.filipstad-hallefors.se\/korskyrkan\/index.php?rest_route=\/wp\/v2\/users\/1"}],"replies":[{"embeddable":true,"href":"https:\/\/www.filipstad-hallefors.se\/korskyrkan\/index.php?rest_route=%2Fwp%2Fv2%2Fcomments&post=1"}],"version-history":[{"count":7,"href":"https:\/\/www.filipstad-hallefors.se\/korskyrkan\/index.php?rest_route=\/wp\/v2\/posts\/1\/revisions"}],"predecessor-version":[{"id":34,"href":"https:\/\/www.filipstad-hallefors.se\/korskyrkan\/index.php?rest_route=\/wp\/v2\/posts\/1\/revisions\/34"}],"wp:attachment":[{"href":"https:\/\/www.filipstad-hallefors.se\/korskyrkan\/index.php?rest_route=%2Fwp%2Fv2%2Fmedia&parent=1"}],"wp:term":[{"taxonomy":"category","embeddable":true,"href":"https:\/\/www.filipstad-hallefors.se\/korskyrkan\/index.php?rest_route=%2Fwp%2Fv2%2Fcategories&post=1"},{"taxonomy":"post_tag","embeddable":true,"href":"https:\/\/www.filipstad-hallefors.se\/korskyrkan\/index.php?rest_route=%2Fwp%2Fv2%2Ftags&post=1"}],"curies":[{"name":"wp","href":"https:\/\/api.w.org\/{rel}","templated":true}]}}